{"id":2946,"date":"2017-09-23T23:42:15","date_gmt":"2017-09-23T21:42:15","guid":{"rendered":"http:\/\/www.schweiz-albanien.ch\/?p=2946"},"modified":"2017-09-23T23:43:15","modified_gmt":"2017-09-23T21:43:15","slug":"ambasada-zvicerane-feston-25-vjetorin","status":"publish","type":"post","link":"https:\/\/www.schweiz-albanien.ch\/sq\/2017\/09\/ambasada-zvicerane-feston-25-vjetorin\/","title":{"rendered":"Ambasada zvicerane feston 25 vjetorin"},"content":{"rendered":"<p>Veprimtaria u p\u00ebrq\u00ebndrua n\u00eb 25 vjet t\u00eb Prezenc\u00ebs zvicerane dhe Bashk\u00ebpunimit p\u00ebr Zhvillim n\u00eb Shqip\u00ebri dhe u vler\u00ebsuan marr\u00ebdh\u00ebniet zvicerane-shqiptare. N\u00eb kuad\u00ebr t\u00eb k\u00ebtij p\u00ebrvjetori, n\u00eb Qendra p\u00ebr Hapje dhe Dialog n\u00eb Kryeministri u zhvillua nj\u00eb veprimtari me diskutime dhe p\u00ebrsh\u00ebndetje nga diplomat\u00eb dhe qeveritar\u00eb nga t\u00eb dy vendet.<\/p>\n<p>Marr\u00ebdh\u00ebniet midis Zvicr\u00ebs dhe Shqip\u00ebris\u00eb jan\u00eb p\u00ebrmir\u00ebsuar edhe n\u00eb fush\u00ebn ekonomike dhe t\u00eb biznesit. Sidoqoft\u00eb, ka shum\u00eb m\u00eb tep\u00ebr potencial p\u00ebr t\u2019u shfryt\u00ebzuar kur b\u00ebhet fjal\u00eb p\u00ebr investime dhe treg\u00ebtine dypal\u00ebshe. K\u00ebto ishin mesazhet e dit\u00ebs s\u00eb dyt\u00eb dhe <a href=\"https:\/\/www.schweiz-albanien.ch\/2017\/09\/gruendung-der-schweizerisch-albanischen-handelskammer\/\">lan\u00e7imi i Dhom\u00ebs s\u00eb Treg\u00ebtis\u00eb Zvic\u00ebr-Shqip\u00ebri<\/a> ishte momenti m\u00eb i spikatur i mbr\u00ebmjes.<\/p>\n<p class=\"pagetitle\">Premier\u00eb e filmit mbi t\u00eb shkuar\u00ebn komuniste ishte aktiviteti e tret\u00eb t\u00eb jav\u00ebs.<\/p>\n<p><a href=\"http:\/\/www.luzernerzeitung.ch\/nachrichten\/international\/albanien-lebt-die-religioese-toleranz;art9640,1103233\" target=\"_blank\" rel=\"noopener\"><i class=\"wp-svg-newspaper newspaper\"><\/i> Intervista me ambassadorin Christoph Graf (Luzerner Zeitung, 16 shtator 2017 \u2013 gjermanisht)<\/a><\/p>\n<div class=\"tiled-gallery type-rectangular tiled-gallery-unresized\" data-original-width=\"660\" data-carousel-extra='{&quot;blog_id&quot;:1,&quot;permalink&quot;:&quot;https:\\\/\\\/www.schweiz-albanien.ch\\\/sq\\\/2017\\\/09\\\/ambasada-zvicerane-feston-25-vjetorin\\\/&quot;,&quot;likes_blog_id&quot;:106415006}' itemscope itemtype=\"http:\/\/schema.org\/ImageGallery\" > <div class=\"gallery-row\" style=\"width: 660px; height: 299px;\" data-original-width=\"660\" data-original-height=\"299\" > <div class=\"gallery-group images-1\" style=\"width: 430px; height: 299px;\" data-original-width=\"430\" data-original-height=\"299\" > <div class=\"tiled-gallery-item tiled-gallery-item-large\" itemprop=\"associatedMedia\" itemscope itemtype=\"http:\/\/schema.org\/ImageObject\"> <a href=\"https:\/\/www.schweiz-albanien.ch\/sq\/25-vjet-zvivcer-shqiperi-1-2\/\" border=\"0\" itemprop=\"url\"> <meta itemprop=\"width\" content=\"426\"> <meta itemprop=\"height\" content=\"295\"> <img decoding=\"async\" class=\"\" data-attachment-id=\"2938\" data-orig-file=\"https:\/\/www.schweiz-albanien.ch\/wp-content\/uploads\/2017\/09\/25-vjet-zvivcer-shqiperi-1.jpg\" data-orig-size=\"1478,1024\" data-comments-opened=\"1\" data-image-meta=\"{&quot;aperture&quot;:&quot;0&quot;,&quot;credit&quot;:&quot;&quot;,&quot;camera&quot;:&quot;&quot;,&quot;caption&quot;:&quot;&quot;,&quot;created_timestamp&quot;:&quot;0&quot;,&quot;copyright&quot;:&quot;&quot;,&quot;focal_length&quot;:&quot;0&quot;,&quot;iso&quot;:&quot;0&quot;,&quot;shutter_speed&quot;:&quot;0&quot;,&quot;title&quot;:&quot;&quot;,&quot;orientation&quot;:&quot;0&quot;}\" data-image-title=\"25-vjet-zvivcer-shqiperi-1\" data-image-description=\"\" data-medium-file=\"https:\/\/www.schweiz-albanien.ch\/wp-content\/uploads\/2017\/09\/25-vjet-zvivcer-shqiperi-1-300x208.jpg\" data-large-file=\"https:\/\/www.schweiz-albanien.ch\/wp-content\/uploads\/2017\/09\/25-vjet-zvivcer-shqiperi-1-1024x709.jpg\" src=\"https:\/\/i0.wp.com\/www.schweiz-albanien.ch\/wp-content\/uploads\/2017\/09\/25-vjet-zvivcer-shqiperi-1.jpg?w=426&#038;h=295&#038;ssl=1\" srcset=\"https:\/\/www.schweiz-albanien.ch\/wp-content\/uploads\/2017\/09\/25-vjet-zvivcer-shqiperi-1.jpg 1478w, https:\/\/www.schweiz-albanien.ch\/wp-content\/uploads\/2017\/09\/25-vjet-zvivcer-shqiperi-1-300x208.jpg 300w, https:\/\/www.schweiz-albanien.ch\/wp-content\/uploads\/2017\/09\/25-vjet-zvivcer-shqiperi-1-1024x709.jpg 1024w, https:\/\/www.schweiz-albanien.ch\/wp-content\/uploads\/2017\/09\/25-vjet-zvivcer-shqiperi-1-600x416.jpg 600w\" width=\"426\" height=\"295\" loading=\"lazy\" data-original-width=\"426\" data-original-height=\"295\" itemprop=\"http:\/\/schema.org\/image\" title=\"25-vjet-zvivcer-shqiperi-1\" alt=\"25-vjet-zvivcer-shqiperi-1\" style=\"width: 426px; height: 295px;\" \/> <\/a> <\/div> <\/div> <!-- close group --> <div class=\"gallery-group images-2\" style=\"width: 230px; height: 299px;\" data-original-width=\"230\" data-original-height=\"299\" > <div class=\"tiled-gallery-item tiled-gallery-item-small\" itemprop=\"associatedMedia\" itemscope itemtype=\"http:\/\/schema.org\/ImageObject\"> <a href=\"https:\/\/www.schweiz-albanien.ch\/sq\/25-vjet-zvivcer-shqiperi-2-2\/\" border=\"0\" itemprop=\"url\"> <meta itemprop=\"width\" content=\"226\"> <meta itemprop=\"height\" content=\"134\"> <img decoding=\"async\" class=\"\" data-attachment-id=\"2935\" data-orig-file=\"https:\/\/www.schweiz-albanien.ch\/wp-content\/uploads\/2017\/09\/25-vjet-zvivcer-shqiperi-2.jpg\" data-orig-size=\"1379,821\" data-comments-opened=\"1\" data-image-meta=\"{&quot;aperture&quot;:&quot;0&quot;,&quot;credit&quot;:&quot;&quot;,&quot;camera&quot;:&quot;&quot;,&quot;caption&quot;:&quot;&quot;,&quot;created_timestamp&quot;:&quot;0&quot;,&quot;copyright&quot;:&quot;&quot;,&quot;focal_length&quot;:&quot;0&quot;,&quot;iso&quot;:&quot;0&quot;,&quot;shutter_speed&quot;:&quot;0&quot;,&quot;title&quot;:&quot;&quot;,&quot;orientation&quot;:&quot;0&quot;}\" data-image-title=\"25-vjet-zvivcer-shqiperi-2\" data-image-description=\"\" data-medium-file=\"https:\/\/www.schweiz-albanien.ch\/wp-content\/uploads\/2017\/09\/25-vjet-zvivcer-shqiperi-2-300x179.jpg\" data-large-file=\"https:\/\/www.schweiz-albanien.ch\/wp-content\/uploads\/2017\/09\/25-vjet-zvivcer-shqiperi-2-1024x610.jpg\" src=\"https:\/\/i0.wp.com\/www.schweiz-albanien.ch\/wp-content\/uploads\/2017\/09\/25-vjet-zvivcer-shqiperi-2.jpg?w=226&#038;h=134&#038;ssl=1\" srcset=\"https:\/\/www.schweiz-albanien.ch\/wp-content\/uploads\/2017\/09\/25-vjet-zvivcer-shqiperi-2.jpg 1379w, https:\/\/www.schweiz-albanien.ch\/wp-content\/uploads\/2017\/09\/25-vjet-zvivcer-shqiperi-2-300x179.jpg 300w, https:\/\/www.schweiz-albanien.ch\/wp-content\/uploads\/2017\/09\/25-vjet-zvivcer-shqiperi-2-1024x610.jpg 1024w, https:\/\/www.schweiz-albanien.ch\/wp-content\/uploads\/2017\/09\/25-vjet-zvivcer-shqiperi-2-600x357.jpg 600w\" width=\"226\" height=\"134\" loading=\"lazy\" data-original-width=\"226\" data-original-height=\"134\" itemprop=\"http:\/\/schema.org\/image\" title=\"25-vjet-zvivcer-shqiperi-2\" alt=\"25-vjet-zvivcer-shqiperi-2\" style=\"width: 226px; height: 134px;\" \/> <\/a> <\/div> <div class=\"tiled-gallery-item tiled-gallery-item-small\" itemprop=\"associatedMedia\" itemscope itemtype=\"http:\/\/schema.org\/ImageObject\"> <a href=\"https:\/\/www.schweiz-albanien.ch\/sq\/25-vjet-zvivcer-shqiperi-milva-ekonomi-2\/\" border=\"0\" itemprop=\"url\"> <meta itemprop=\"width\" content=\"226\"> <meta itemprop=\"height\" content=\"157\"> <img decoding=\"async\" class=\"\" data-attachment-id=\"2932\" data-orig-file=\"https:\/\/www.schweiz-albanien.ch\/wp-content\/uploads\/2017\/09\/25-vjet-zvivcer-shqiperi-milva-ekonomi.jpg\" data-orig-size=\"1478,1024\" data-comments-opened=\"1\" data-image-meta=\"{&quot;aperture&quot;:&quot;0&quot;,&quot;credit&quot;:&quot;&quot;,&quot;camera&quot;:&quot;&quot;,&quot;caption&quot;:&quot;&quot;,&quot;created_timestamp&quot;:&quot;0&quot;,&quot;copyright&quot;:&quot;&quot;,&quot;focal_length&quot;:&quot;0&quot;,&quot;iso&quot;:&quot;0&quot;,&quot;shutter_speed&quot;:&quot;0&quot;,&quot;title&quot;:&quot;&quot;,&quot;orientation&quot;:&quot;0&quot;}\" data-image-title=\"25-vjet-zvivcer-shqiperi-milva-ekonomi\" data-image-description=\"\" data-medium-file=\"https:\/\/www.schweiz-albanien.ch\/wp-content\/uploads\/2017\/09\/25-vjet-zvivcer-shqiperi-milva-ekonomi-300x208.jpg\" data-large-file=\"https:\/\/www.schweiz-albanien.ch\/wp-content\/uploads\/2017\/09\/25-vjet-zvivcer-shqiperi-milva-ekonomi-1024x709.jpg\" src=\"https:\/\/i0.wp.com\/www.schweiz-albanien.ch\/wp-content\/uploads\/2017\/09\/25-vjet-zvivcer-shqiperi-milva-ekonomi.jpg?w=226&#038;h=157&#038;ssl=1\" srcset=\"https:\/\/www.schweiz-albanien.ch\/wp-content\/uploads\/2017\/09\/25-vjet-zvivcer-shqiperi-milva-ekonomi.jpg 1478w, https:\/\/www.schweiz-albanien.ch\/wp-content\/uploads\/2017\/09\/25-vjet-zvivcer-shqiperi-milva-ekonomi-300x208.jpg 300w, https:\/\/www.schweiz-albanien.ch\/wp-content\/uploads\/2017\/09\/25-vjet-zvivcer-shqiperi-milva-ekonomi-1024x709.jpg 1024w, https:\/\/www.schweiz-albanien.ch\/wp-content\/uploads\/2017\/09\/25-vjet-zvivcer-shqiperi-milva-ekonomi-600x416.jpg 600w\" width=\"226\" height=\"157\" loading=\"lazy\" data-original-width=\"226\" data-original-height=\"157\" itemprop=\"http:\/\/schema.org\/image\" title=\"25-vjet-zvivcer-shqiperi-milva-ekonomi\" alt=\"25-vjet-zvivcer-shqiperi-milva-ekonomi\" style=\"width: 226px; height: 157px;\" \/> <\/a> <\/div> <\/div> <!-- close group --> <\/div> <!-- close row --> <div class=\"gallery-row\" style=\"width: 660px; height: 459px;\" data-original-width=\"660\" data-original-height=\"459\" > <div class=\"gallery-group images-1\" style=\"width: 660px; height: 459px;\" data-original-width=\"660\" data-original-height=\"459\" > <div class=\"tiled-gallery-item tiled-gallery-item-large\" itemprop=\"associatedMedia\" itemscope itemtype=\"http:\/\/schema.org\/ImageObject\"> <a href=\"https:\/\/www.schweiz-albanien.ch\/sq\/25-vjet-zvivcer-shqiperi-raymund-furrer-2\/\" border=\"0\" itemprop=\"url\"> <meta itemprop=\"width\" content=\"656\"> <meta itemprop=\"height\" content=\"455\"> <img decoding=\"async\" class=\"\" data-attachment-id=\"2929\" data-orig-file=\"https:\/\/www.schweiz-albanien.ch\/wp-content\/uploads\/2017\/09\/25-vjet-zvivcer-shqiperi-raymund-furrer.jpg\" data-orig-size=\"1478,1026\" data-comments-opened=\"1\" data-image-meta=\"{&quot;aperture&quot;:&quot;0&quot;,&quot;credit&quot;:&quot;&quot;,&quot;camera&quot;:&quot;&quot;,&quot;caption&quot;:&quot;&quot;,&quot;created_timestamp&quot;:&quot;0&quot;,&quot;copyright&quot;:&quot;&quot;,&quot;focal_length&quot;:&quot;0&quot;,&quot;iso&quot;:&quot;0&quot;,&quot;shutter_speed&quot;:&quot;0&quot;,&quot;title&quot;:&quot;&quot;,&quot;orientation&quot;:&quot;0&quot;}\" data-image-title=\"25-vjet-zvivcer-shqiperi-raymund-furrer\" data-image-description=\"\" data-medium-file=\"https:\/\/www.schweiz-albanien.ch\/wp-content\/uploads\/2017\/09\/25-vjet-zvivcer-shqiperi-raymund-furrer-300x208.jpg\" data-large-file=\"https:\/\/www.schweiz-albanien.ch\/wp-content\/uploads\/2017\/09\/25-vjet-zvivcer-shqiperi-raymund-furrer-1024x711.jpg\" src=\"https:\/\/i0.wp.com\/www.schweiz-albanien.ch\/wp-content\/uploads\/2017\/09\/25-vjet-zvivcer-shqiperi-raymund-furrer.jpg?w=656&#038;h=455&#038;ssl=1\" srcset=\"https:\/\/www.schweiz-albanien.ch\/wp-content\/uploads\/2017\/09\/25-vjet-zvivcer-shqiperi-raymund-furrer.jpg 1478w, https:\/\/www.schweiz-albanien.ch\/wp-content\/uploads\/2017\/09\/25-vjet-zvivcer-shqiperi-raymund-furrer-300x208.jpg 300w, https:\/\/www.schweiz-albanien.ch\/wp-content\/uploads\/2017\/09\/25-vjet-zvivcer-shqiperi-raymund-furrer-1024x711.jpg 1024w, https:\/\/www.schweiz-albanien.ch\/wp-content\/uploads\/2017\/09\/25-vjet-zvivcer-shqiperi-raymund-furrer-600x417.jpg 600w\" width=\"656\" height=\"455\" loading=\"lazy\" data-original-width=\"656\" data-original-height=\"455\" itemprop=\"http:\/\/schema.org\/image\" title=\"25-vjet-zvivcer-shqiperi-raymund-furrer\" alt=\"25-vjet-zvivcer-shqiperi-raymund-furrer\" style=\"width: 656px; height: 455px;\" \/> <\/a> <\/div> <\/div> <!-- close group --> <\/div> <!-- close row --> <\/div>\n<p><iframe loading=\"lazy\" style=\"border: none; overflow: hidden;\" src=\"https:\/\/www.facebook.com\/plugins\/post.php?href=https%3A%2F%2Fwww.facebook.com%2FSwissEmbassyTirana%2Fposts%2F508442212824457&amp;width=500\" width=\"500\" height=\"781\" frameborder=\"0\" scrolling=\"no\" data-mce-fragment=\"1\"><\/iframe><\/p>\n","protected":false},"excerpt":{"rendered":"<p>Veprimtaria u p\u00ebrq\u00ebndrua n\u00eb 25 vjet t\u00eb Prezenc\u00ebs zvicerane dhe Bashk\u00ebpunimit p\u00ebr Zhvillim n\u00eb Shqip\u00ebri dhe u vler\u00ebsuan marr\u00ebdh\u00ebniet zvicerane-shqiptare. N\u00eb kuad\u00ebr t\u00eb k\u00ebtij p\u00ebrvjetori, n\u00eb Qendra p\u00ebr Hapje dhe Dialog n\u00eb Kryeministri u zhvillua [&hellip;]<\/p>\n","protected":false},"author":1,"featured_media":2934,"comment_status":"open","ping_status":"open","sticky":false,"template":"","format":"standard","meta":{"jetpack_post_was_ever_published":false,"_jetpack_newsletter_access":"","_jetpack_dont_email_post_to_subs":false,"_jetpack_newsletter_tier_id":0,"_jetpack_memberships_contains_paywalled_content":false,"_jetpack_memberships_contains_paid_content":false,"footnotes":"","jetpack_publicize_message":"","jetpack_publicize_feature_enabled":true,"jetpack_social_post_already_shared":true,"jetpack_social_options":{"image_generator_settings":{"template":"highway","default_image_id":0,"enabled":false},"version":2},"_links_to":"","_links_to_target":""},"categories":[228,219],"tags":[324,621,687,688],"class_list":["post-2946","post","type-post","status-publish","format-standard","has-post-thumbnail","hentry","category-bashkepunimi","category-mediat","tag-ambasada","tag-christoph-graf","tag-luzerner-zeitung","tag-vjetori"],"jetpack_publicize_connections":[],"jetpack_featured_media_url":"https:\/\/www.schweiz-albanien.ch\/wp-content\/uploads\/2017\/09\/25-vjet-zvivcer-shqiperi-2.jpg","jetpack_sharing_enabled":true,"jetpack_shortlink":"https:\/\/wp.me\/p7cvp4-Lw","_links":{"self":[{"href":"https:\/\/www.schweiz-albanien.ch\/sq\/wp-json\/wp\/v2\/posts\/2946\/"}],"collection":[{"href":"https:\/\/www.schweiz-albanien.ch\/sq\/wp-json\/wp\/v2\/posts\/"}],"about":[{"href":"https:\/\/www.schweiz-albanien.ch\/sq\/wp-json\/wp\/v2\/types\/post\/"}],"author":[{"embeddable":true,"href":"https:\/\/www.schweiz-albanien.ch\/sq\/wp-json\/wp\/v2\/users\/1\/"}],"replies":[{"embeddable":true,"href":"https:\/\/www.schweiz-albanien.ch\/sq\/wp-json\/wp\/v2\/comments\/?post=2946"}],"version-history":[{"count":2,"href":"https:\/\/www.schweiz-albanien.ch\/sq\/wp-json\/wp\/v2\/posts\/2946\/revisions\/"}],"predecessor-version":[{"id":2948,"href":"https:\/\/www.schweiz-albanien.ch\/sq\/wp-json\/wp\/v2\/posts\/2946\/revisions\/2948\/"}],"wp:featuredmedia":[{"embeddable":true,"href":"https:\/\/www.schweiz-albanien.ch\/sq\/wp-json\/wp\/v2\/media\/2934\/"}],"wp:attachment":[{"href":"https:\/\/www.schweiz-albanien.ch\/sq\/wp-json\/wp\/v2\/media\/?parent=2946"}],"wp:term":[{"taxonomy":"category","embeddable":true,"href":"https:\/\/www.schweiz-albanien.ch\/sq\/wp-json\/wp\/v2\/categories\/?post=2946"},{"taxonomy":"post_tag","embeddable":true,"href":"https:\/\/www.schweiz-albanien.ch\/sq\/wp-json\/wp\/v2\/tags\/?post=2946"}],"curies":[{"name":"wp","href":"https:\/\/api.w.org\/{rel}","templated":true}]}}