{"id":2610,"date":"2017-03-19T22:15:46","date_gmt":"2017-03-19T21:15:46","guid":{"rendered":"http:\/\/www.schweiz-albanien.ch\/?p=2610\/"},"modified":"2017-03-20T10:16:23","modified_gmt":"2017-03-20T09:16:23","slug":"raporti-i-vitit-2016","status":"publish","type":"post","link":"https:\/\/www.schweiz-albanien.ch\/sq\/2017\/03\/raporti-i-vitit-2016\/","title":{"rendered":"Raporti i vitit 2016"},"content":{"rendered":"<div id=\"attachment_2555\" style=\"width: 222px\" class=\"wp-caption alignright\"><a href=\"https:\/\/www.schweiz-albanien.ch\/wp-content\/uploads\/2017\/03\/GSA-Jahresbericht-2016.pdf\" target=\"_blank\"><img loading=\"lazy\" decoding=\"async\" aria-describedby=\"caption-attachment-2555\" class=\"wp-image-2555 size-medium\" src=\"https:\/\/www.schweiz-albanien.ch\/wp-content\/uploads\/2017\/03\/GSA_Jahresbericht_2016_Cover-212x300.jpg\" alt=\"\" width=\"212\" height=\"300\" srcset=\"https:\/\/www.schweiz-albanien.ch\/wp-content\/uploads\/2017\/03\/GSA_Jahresbericht_2016_Cover-212x300.jpg 212w, https:\/\/www.schweiz-albanien.ch\/wp-content\/uploads\/2017\/03\/GSA_Jahresbericht_2016_Cover-724x1024.jpg 724w, https:\/\/www.schweiz-albanien.ch\/wp-content\/uploads\/2017\/03\/GSA_Jahresbericht_2016_Cover-600x849.jpg 600w, https:\/\/www.schweiz-albanien.ch\/wp-content\/uploads\/2017\/03\/GSA_Jahresbericht_2016_Cover.jpg 1000w\" sizes=\"auto, (max-width: 212px) 100vw, 212px\" \/><\/a><p id=\"caption-attachment-2555\" class=\"wp-caption-text\">Annual Report 2016<\/p><\/div>\n<p>Informacion mbi aktivitetet t\u00eb shoqat\u00ebs n\u00eb viti 2016.<!--more--><\/p>\n<p><a href=\"https:\/\/www.schweiz-albanien.ch\/wp-content\/uploads\/2017\/03\/GSA-Jahresbericht-2016.pdf\" target=\"_blank\"><i class=\"wp-svg-file-3 file-3\"><\/i> Raporti i vitit 2016<\/a> (PDF; gjermanisht)<\/p>\n<p><i class=\"wp-svg-point-right point-right\"><\/i> We recommend to choose the option &#8220;Booklet&#8221; when printing this document on both sides.<\/p>\n","protected":false},"excerpt":{"rendered":"<p>Informacion mbi aktivitetet t\u00eb shoqat\u00ebs n\u00eb viti 2016.<\/p>\n","protected":false},"author":1,"featured_media":2605,"comment_status":"open","ping_status":"open","sticky":false,"template":"","format":"standard","meta":{"jetpack_post_was_ever_published":false,"_jetpack_newsletter_access":"","_jetpack_dont_email_post_to_subs":true,"_jetpack_newsletter_tier_id":0,"_jetpack_memberships_contains_paywalled_content":false,"_jetpack_memberships_contains_paid_content":false,"footnotes":"","jetpack_publicize_message":"","jetpack_publicize_feature_enabled":true,"jetpack_social_post_already_shared":true,"jetpack_social_options":{"image_generator_settings":{"template":"highway","default_image_id":0,"enabled":false},"version":2},"_links_to":"","_links_to_target":""},"categories":[215,650],"tags":[283,651],"class_list":["post-2610","post","type-post","status-publish","format-standard","has-post-thumbnail","hentry","category-aktivitete-te-shoqates","category-raporti-i-vitit","tag-2016-sq","tag-raporti-i-vitit"],"jetpack_publicize_connections":[],"jetpack_featured_media_url":"https:\/\/www.schweiz-albanien.ch\/wp-content\/uploads\/2017\/03\/GSA-Jahresbericht-2016-slider-1.jpg","jetpack_sharing_enabled":true,"jetpack_shortlink":"https:\/\/wp.me\/p7cvp4-G6","_links":{"self":[{"href":"https:\/\/www.schweiz-albanien.ch\/sq\/wp-json\/wp\/v2\/posts\/2610\/"}],"collection":[{"href":"https:\/\/www.schweiz-albanien.ch\/sq\/wp-json\/wp\/v2\/posts\/"}],"about":[{"href":"https:\/\/www.schweiz-albanien.ch\/sq\/wp-json\/wp\/v2\/types\/post\/"}],"author":[{"embeddable":true,"href":"https:\/\/www.schweiz-albanien.ch\/sq\/wp-json\/wp\/v2\/users\/1\/"}],"replies":[{"embeddable":true,"href":"https:\/\/www.schweiz-albanien.ch\/sq\/wp-json\/wp\/v2\/comments\/?post=2610"}],"version-history":[{"count":2,"href":"https:\/\/www.schweiz-albanien.ch\/sq\/wp-json\/wp\/v2\/posts\/2610\/revisions\/"}],"predecessor-version":[{"id":2618,"href":"https:\/\/www.schweiz-albanien.ch\/sq\/wp-json\/wp\/v2\/posts\/2610\/revisions\/2618\/"}],"wp:featuredmedia":[{"embeddable":true,"href":"https:\/\/www.schweiz-albanien.ch\/sq\/wp-json\/wp\/v2\/media\/2605\/"}],"wp:attachment":[{"href":"https:\/\/www.schweiz-albanien.ch\/sq\/wp-json\/wp\/v2\/media\/?parent=2610"}],"wp:term":[{"taxonomy":"category","embeddable":true,"href":"https:\/\/www.schweiz-albanien.ch\/sq\/wp-json\/wp\/v2\/categories\/?post=2610"},{"taxonomy":"post_tag","embeddable":true,"href":"https:\/\/www.schweiz-albanien.ch\/sq\/wp-json\/wp\/v2\/tags\/?post=2610"}],"curies":[{"name":"wp","href":"https:\/\/api.w.org\/{rel}","templated":true}]}}