{"id":1981,"date":"2016-05-24T21:59:38","date_gmt":"2016-05-24T19:59:38","guid":{"rendered":"http:\/\/www.schweiz-albanien.ch\/\/sq\/?p=1981"},"modified":"2016-05-24T21:59:38","modified_gmt":"2016-05-24T19:59:38","slug":"edi-rama-ne-nje-interviste-per-euronews","status":"publish","type":"post","link":"https:\/\/www.schweiz-albanien.ch\/sq\/2016\/05\/edi-rama-ne-nje-interviste-per-euronews\/","title":{"rendered":"Edi Rama n\u00eb nj\u00eb intervist\u00eb p\u00ebr Euronews"},"content":{"rendered":"<p><a href=\"http:\/\/www.euronews.com\/2016\/05\/19\/edi-rama-we-need-to-stop-all-this-talk-about-a-corrupt-albania\/\" target=\"_blank\"><i class=\"wp-svg-film film\"><\/i> Edi Rama: &#8220;Mjaft m\u00eb me stereotipet Shqip\u00ebria e korruptuar&#8221;<\/a><\/p>\n<hr \/>\n<p>&nbsp;<\/p>\n","protected":false},"excerpt":{"rendered":"<p>Edi Rama: &#8220;Mjaft m\u00eb me stereotipet Shqip\u00ebria e korruptuar&#8221; &nbsp;<\/p>\n","protected":false},"author":1,"featured_media":0,"comment_status":"open","ping_status":"open","sticky":false,"template":"","format":"standard","meta":{"jetpack_post_was_ever_published":false,"_jetpack_newsletter_access":"","_jetpack_dont_email_post_to_subs":false,"_jetpack_newsletter_tier_id":0,"_jetpack_memberships_contains_paywalled_content":false,"_jetpack_memberships_contains_paid_content":false,"footnotes":"","jetpack_publicize_message":"","jetpack_publicize_feature_enabled":true,"jetpack_social_post_already_shared":true,"jetpack_social_options":{"image_generator_settings":{"template":"highway","default_image_id":0,"enabled":false},"version":2},"_links_to":"","_links_to_target":""},"categories":[229,219],"tags":[342,547,402,466],"class_list":["post-1981","post","type-post","status-publish","format-standard","hentry","category-lajme-nga-shqieria","category-mediat","tag-edi-rama-sq","tag-ekonomia","tag-intervista","tag-politika"],"jetpack_publicize_connections":[],"jetpack_featured_media_url":"","jetpack_sharing_enabled":true,"jetpack_shortlink":"https:\/\/wp.me\/p7cvp4-vX","_links":{"self":[{"href":"https:\/\/www.schweiz-albanien.ch\/sq\/wp-json\/wp\/v2\/posts\/1981\/"}],"collection":[{"href":"https:\/\/www.schweiz-albanien.ch\/sq\/wp-json\/wp\/v2\/posts\/"}],"about":[{"href":"https:\/\/www.schweiz-albanien.ch\/sq\/wp-json\/wp\/v2\/types\/post\/"}],"author":[{"embeddable":true,"href":"https:\/\/www.schweiz-albanien.ch\/sq\/wp-json\/wp\/v2\/users\/1\/"}],"replies":[{"embeddable":true,"href":"https:\/\/www.schweiz-albanien.ch\/sq\/wp-json\/wp\/v2\/comments\/?post=1981"}],"version-history":[{"count":1,"href":"https:\/\/www.schweiz-albanien.ch\/sq\/wp-json\/wp\/v2\/posts\/1981\/revisions\/"}],"predecessor-version":[{"id":1982,"href":"https:\/\/www.schweiz-albanien.ch\/sq\/wp-json\/wp\/v2\/posts\/1981\/revisions\/1982\/"}],"wp:attachment":[{"href":"https:\/\/www.schweiz-albanien.ch\/sq\/wp-json\/wp\/v2\/media\/?parent=1981"}],"wp:term":[{"taxonomy":"category","embeddable":true,"href":"https:\/\/www.schweiz-albanien.ch\/sq\/wp-json\/wp\/v2\/categories\/?post=1981"},{"taxonomy":"post_tag","embeddable":true,"href":"https:\/\/www.schweiz-albanien.ch\/sq\/wp-json\/wp\/v2\/tags\/?post=1981"}],"curies":[{"name":"wp","href":"https:\/\/api.w.org\/{rel}","templated":true}]}}