{"id":1586,"date":"2016-02-14T18:39:32","date_gmt":"2016-02-14T17:39:32","guid":{"rendered":"http:\/\/www.schweiz-albanien.ch\/\/sq\/2016\/02\/integration-statt-ausschaffung\/"},"modified":"2016-02-14T18:57:26","modified_gmt":"2016-02-14T17:57:26","slug":"integration-statt-ausschaffung","status":"publish","type":"post","link":"https:\/\/www.schweiz-albanien.ch\/sq\/2016\/02\/integration-statt-ausschaffung\/","title":{"rendered":"Zvicra duhet t\u2019i integroj\u00eb t\u00eb huajt, jo t\u2019i d\u00ebboj\u00eb"},"content":{"rendered":"<p>Artikull i gazet\u00ebs &#8220;Neue Z\u00fcrcher Zeitung&#8221; (13 shkurt 2016)<!--more-->:<\/p>\n<p><a href=\"http:\/\/www.nzz.ch\/meinung\/kommentare\/integration-statt-ausschaffung-1.18694381?reduced=true\" target=\"_blank\"><i class=\"wp-svg-newspaper newspaper\"><\/i> NZZ: Integration statt Ausschaffung<\/a><br \/>\n<a href=\"http:\/\/dialogplus.ch\/zvicra-duhet-ti-integroje-te-huajt-jo-ti-deboje-97077\" target=\"_blank\"><i class=\"wp-svg-screen screen\"><\/i> dialogplus.ch (Enver Robelli): &#8220;Zvicra duhet t\u2019i integroj\u00eb t\u00eb huajt, jo t\u2019i d\u00ebboj\u00eb&#8221;<\/a><\/p>\n","protected":false},"excerpt":{"rendered":"<p>Artikull i gazet\u00ebs &#8220;Neue Z\u00fcrcher Zeitung&#8221; (13 shkurt 2016)<\/p>\n","protected":false},"author":1,"featured_media":0,"comment_status":"open","ping_status":"open","sticky":false,"template":"","format":"standard","meta":{"jetpack_post_was_ever_published":false,"_jetpack_newsletter_access":"","_jetpack_dont_email_post_to_subs":false,"_jetpack_newsletter_tier_id":0,"_jetpack_memberships_contains_paywalled_content":false,"_jetpack_memberships_contains_paid_content":false,"footnotes":"","jetpack_publicize_message":"","jetpack_publicize_feature_enabled":true,"jetpack_social_post_already_shared":true,"jetpack_social_options":{"image_generator_settings":{"template":"highway","default_image_id":0,"enabled":false},"version":2},"_links_to":"","_links_to_target":""},"categories":[220,216,219],"tags":[572,458],"class_list":["post-1586","post","type-post","status-publish","format-standard","hentry","category-lajme","category-lajme-nga-zvicra","category-mediat","tag-integrim","tag-neue-zuercher-zeitung-sq"],"jetpack_publicize_connections":[],"jetpack_featured_media_url":"","jetpack_sharing_enabled":true,"jetpack_shortlink":"https:\/\/wp.me\/p7cvp4-pA","_links":{"self":[{"href":"https:\/\/www.schweiz-albanien.ch\/sq\/wp-json\/wp\/v2\/posts\/1586\/"}],"collection":[{"href":"https:\/\/www.schweiz-albanien.ch\/sq\/wp-json\/wp\/v2\/posts\/"}],"about":[{"href":"https:\/\/www.schweiz-albanien.ch\/sq\/wp-json\/wp\/v2\/types\/post\/"}],"author":[{"embeddable":true,"href":"https:\/\/www.schweiz-albanien.ch\/sq\/wp-json\/wp\/v2\/users\/1\/"}],"replies":[{"embeddable":true,"href":"https:\/\/www.schweiz-albanien.ch\/sq\/wp-json\/wp\/v2\/comments\/?post=1586"}],"version-history":[{"count":7,"href":"https:\/\/www.schweiz-albanien.ch\/sq\/wp-json\/wp\/v2\/posts\/1586\/revisions\/"}],"predecessor-version":[{"id":1608,"href":"https:\/\/www.schweiz-albanien.ch\/sq\/wp-json\/wp\/v2\/posts\/1586\/revisions\/1608\/"}],"wp:attachment":[{"href":"https:\/\/www.schweiz-albanien.ch\/sq\/wp-json\/wp\/v2\/media\/?parent=1586"}],"wp:term":[{"taxonomy":"category","embeddable":true,"href":"https:\/\/www.schweiz-albanien.ch\/sq\/wp-json\/wp\/v2\/categories\/?post=1586"},{"taxonomy":"post_tag","embeddable":true,"href":"https:\/\/www.schweiz-albanien.ch\/sq\/wp-json\/wp\/v2\/tags\/?post=1586"}],"curies":[{"name":"wp","href":"https:\/\/api.w.org\/{rel}","templated":true}]}}