{"id":1519,"date":"2012-03-30T23:15:37","date_gmt":"2012-03-30T21:15:37","guid":{"rendered":"http:\/\/www.schweiz-albanien.ch\/\/sq\/2012\/03\/mitgliederversammlung-2012\/"},"modified":"2016-02-12T17:31:50","modified_gmt":"2016-02-12T16:31:50","slug":"mitgliederversammlung-2012","status":"publish","type":"post","link":"https:\/\/www.schweiz-albanien.ch\/sq\/2012\/03\/mitgliederversammlung-2012\/","title":{"rendered":"Kuvendi i Shoqat\u00ebs 2012"},"content":{"rendered":"<p>30 mars 2012 (19.45 h) n\u00eb Wil\/SG n\u00eb Hotel Schwanen, Obere Bahnhofstrasse 21<br \/>\n<a href=\"https:\/\/www.schweiz-albanien.ch\/wp-content\/uploads\/2016\/02\/120330-Protokoll-MV-2012.pdf\" target=\"_blank\"><i class=\"wp-svg-file file\"><\/i> Protokoll (pdf, gjermanisht)<\/a><\/p>\n<p>M<span class=\"st\">ysafir\u00ebt nderi<\/span>: ambasador Mehmet Elezi, K\u00ebshilltar Prof. Dr. Bernd Schips, Felix Baumgartner nga bashkia e qytetit Wil, referent\u00ebt Cliff Hammer (Seco) dhe Daniel Grob (Meierpartner Architekten).<\/p>\n<h3>Referat\u00eb<\/h3>\n<ul>\n<li>Daniel Grob: projekt\u00eb t\u00eb resorteve <span class=\"st\">turistike<\/span> n\u00eb Shqip\u00ebri<\/li>\n<li>Projekt\u00eb t\u00eb SECO n\u00eb Sqhip\u00ebri<\/li>\n<\/ul>\n<p>&nbsp;<\/p>\n","protected":false},"excerpt":{"rendered":"<p>30 mars 2012 (19.45 h) n\u00eb Wil\/SG n\u00eb Hotel Schwanen, Obere Bahnhofstrasse 21 Protokoll (pdf, gjermanisht) Mysafir\u00ebt nderi: ambasador Mehmet Elezi, K\u00ebshilltar Prof. Dr. Bernd Schips, Felix Baumgartner nga bashkia e qytetit Wil, referent\u00ebt Cliff [&hellip;]<\/p>\n","protected":false},"author":1,"featured_media":0,"comment_status":"closed","ping_status":"closed","sticky":false,"template":"","format":"standard","meta":{"jetpack_post_was_ever_published":false,"_jetpack_newsletter_access":"","_jetpack_dont_email_post_to_subs":false,"_jetpack_newsletter_tier_id":0,"_jetpack_memberships_contains_paywalled_content":false,"_jetpack_memberships_contains_paid_content":false,"footnotes":"","jetpack_publicize_message":"","jetpack_publicize_feature_enabled":true,"jetpack_social_post_already_shared":true,"jetpack_social_options":{"image_generator_settings":{"template":"highway","default_image_id":0,"enabled":false},"version":2},"_links_to":"","_links_to_target":""},"categories":[224,222,225],"tags":[274,250,251,242,545,494,533],"class_list":["post-1519","post","type-post","status-publish","format-standard","hentry","category-kuvendi-i-shoqates","category-ngjarje","category-ngjarje-arkiv","tag-2012-sq","tag-kuvendi-i-shoqates","tag-ngjarja","tag-prezantim","tag-referat","tag-seco-sq","tag-turizmi"],"jetpack_publicize_connections":[],"jetpack_featured_media_url":"","jetpack_sharing_enabled":true,"jetpack_shortlink":"https:\/\/wp.me\/p7cvp4-ov","_links":{"self":[{"href":"https:\/\/www.schweiz-albanien.ch\/sq\/wp-json\/wp\/v2\/posts\/1519\/"}],"collection":[{"href":"https:\/\/www.schweiz-albanien.ch\/sq\/wp-json\/wp\/v2\/posts\/"}],"about":[{"href":"https:\/\/www.schweiz-albanien.ch\/sq\/wp-json\/wp\/v2\/types\/post\/"}],"author":[{"embeddable":true,"href":"https:\/\/www.schweiz-albanien.ch\/sq\/wp-json\/wp\/v2\/users\/1\/"}],"replies":[{"embeddable":true,"href":"https:\/\/www.schweiz-albanien.ch\/sq\/wp-json\/wp\/v2\/comments\/?post=1519"}],"version-history":[{"count":2,"href":"https:\/\/www.schweiz-albanien.ch\/sq\/wp-json\/wp\/v2\/posts\/1519\/revisions\/"}],"predecessor-version":[{"id":1521,"href":"https:\/\/www.schweiz-albanien.ch\/sq\/wp-json\/wp\/v2\/posts\/1519\/revisions\/1521\/"}],"wp:attachment":[{"href":"https:\/\/www.schweiz-albanien.ch\/sq\/wp-json\/wp\/v2\/media\/?parent=1519"}],"wp:term":[{"taxonomy":"category","embeddable":true,"href":"https:\/\/www.schweiz-albanien.ch\/sq\/wp-json\/wp\/v2\/categories\/?post=1519"},{"taxonomy":"post_tag","embeddable":true,"href":"https:\/\/www.schweiz-albanien.ch\/sq\/wp-json\/wp\/v2\/tags\/?post=1519"}],"curies":[{"name":"wp","href":"https:\/\/api.w.org\/{rel}","templated":true}]}}