{"id":1514,"date":"2010-04-07T22:55:57","date_gmt":"2010-04-07T20:55:57","guid":{"rendered":"http:\/\/www.schweiz-albanien.ch\/\/sq\/?p=1514"},"modified":"2016-02-12T02:02:00","modified_gmt":"2016-02-12T01:02:00","slug":"kuvendi-i-shoqates-2010","status":"publish","type":"post","link":"https:\/\/www.schweiz-albanien.ch\/sq\/2010\/04\/kuvendi-i-shoqates-2010\/","title":{"rendered":"Kuvendi i Shoqat\u00ebs 2010"},"content":{"rendered":"<p>7 prill 2010 (19.15 h) n\u00eb Wil\/SG n\u00eb Hotel Schwanen, Obere Bahnhofstrasse 21<br \/>\n<a href=\"https:\/\/www.schweiz-albanien.ch\/wp-content\/uploads\/2016\/02\/100407_mv_protokoll.pdf\" target=\"_blank\"><i class=\"wp-svg-file file\"><\/i> Protokoll (pdf, gjermanisht)<\/a><br \/>\n<a href=\"https:\/\/www.schweiz-albanien.ch\/wp-content\/uploads\/2016\/02\/100407_mv_vortrag_albanischeriviera.pdf\" target=\"_blank\"><i class=\"wp-svg-profile profile\"><\/i> Prospekt (pdf)<\/a><\/p>\n<p>M<span class=\"st\">ysafiri nderi<\/span>: ambasador Mehmet Elezi.<\/p>\n<p>Referat: arkitekt Niko Nikolla: &#8220;Upcylcing i Rivier\u00ebs s\u00eb Shqip\u00ebris\u00eb&#8221;.<\/p>\n<div id=\"attachment_626\" style=\"width: 1998px\" class=\"wp-caption alignright\"><a href=\"https:\/\/www.schweiz-albanien.ch\/2010\/04\/mitgliederversammlung-2010\/bild-upcycling-albanische-riviera\/\" rel=\"attachment wp-att-626\"><img loading=\"lazy\" decoding=\"async\" aria-describedby=\"caption-attachment-626\" class=\"wp-image-626 size-full\" src=\"https:\/\/www.schweiz-albanien.ch\/wp-content\/uploads\/2016\/02\/Bild-Upcycling-Albanische-Riviera.jpg\" alt=\"Referat upcycling Riviera\" width=\"1988\" height=\"1279\" srcset=\"https:\/\/www.schweiz-albanien.ch\/wp-content\/uploads\/2016\/02\/Bild-Upcycling-Albanische-Riviera.jpg 1988w, https:\/\/www.schweiz-albanien.ch\/wp-content\/uploads\/2016\/02\/Bild-Upcycling-Albanische-Riviera-300x193.jpg 300w, https:\/\/www.schweiz-albanien.ch\/wp-content\/uploads\/2016\/02\/Bild-Upcycling-Albanische-Riviera-1024x659.jpg 1024w\" sizes=\"auto, (max-width: 1988px) 100vw, 1988px\" \/><\/a><p id=\"caption-attachment-626\" class=\"wp-caption-text\">Referat upcycling Riviera<\/p><\/div>\n<p>&nbsp;<\/p>\n","protected":false},"excerpt":{"rendered":"<p>7 prill 2010 (19.15 h) n\u00eb Wil\/SG n\u00eb Hotel Schwanen, Obere Bahnhofstrasse 21 Protokoll (pdf, gjermanisht) Prospekt (pdf) Mysafiri nderi: ambasador Mehmet Elezi. Referat: arkitekt Niko Nikolla: &#8220;Upcylcing i Rivier\u00ebs s\u00eb Shqip\u00ebris\u00eb&#8221;. &nbsp;<\/p>\n","protected":false},"author":1,"featured_media":1172,"comment_status":"closed","ping_status":"closed","sticky":false,"template":"","format":"standard","meta":{"jetpack_post_was_ever_published":false,"_jetpack_newsletter_access":"","_jetpack_dont_email_post_to_subs":false,"_jetpack_newsletter_tier_id":0,"_jetpack_memberships_contains_paywalled_content":false,"_jetpack_memberships_contains_paid_content":false,"footnotes":"","jetpack_publicize_message":"","jetpack_publicize_feature_enabled":true,"jetpack_social_post_already_shared":true,"jetpack_social_options":{"image_generator_settings":{"template":"highway","default_image_id":0,"enabled":false},"version":2},"_links_to":"","_links_to_target":""},"categories":[224,222,225],"tags":[270,250,251,452,545,533],"class_list":["post-1514","post","type-post","status-publish","format-standard","has-post-thumbnail","hentry","category-kuvendi-i-shoqates","category-ngjarje","category-ngjarje-arkiv","tag-2010-sq","tag-kuvendi-i-shoqates","tag-ngjarja","tag-niko-nikolla-sq","tag-referat","tag-turizmi"],"jetpack_publicize_connections":[],"jetpack_featured_media_url":"https:\/\/www.schweiz-albanien.ch\/wp-content\/uploads\/2016\/02\/Bild-Upcycling-Albanische-Riviera.jpg","jetpack_sharing_enabled":true,"jetpack_shortlink":"https:\/\/wp.me\/p7cvp4-oq","_links":{"self":[{"href":"https:\/\/www.schweiz-albanien.ch\/sq\/wp-json\/wp\/v2\/posts\/1514\/"}],"collection":[{"href":"https:\/\/www.schweiz-albanien.ch\/sq\/wp-json\/wp\/v2\/posts\/"}],"about":[{"href":"https:\/\/www.schweiz-albanien.ch\/sq\/wp-json\/wp\/v2\/types\/post\/"}],"author":[{"embeddable":true,"href":"https:\/\/www.schweiz-albanien.ch\/sq\/wp-json\/wp\/v2\/users\/1\/"}],"replies":[{"embeddable":true,"href":"https:\/\/www.schweiz-albanien.ch\/sq\/wp-json\/wp\/v2\/comments\/?post=1514"}],"version-history":[{"count":1,"href":"https:\/\/www.schweiz-albanien.ch\/sq\/wp-json\/wp\/v2\/posts\/1514\/revisions\/"}],"predecessor-version":[{"id":1515,"href":"https:\/\/www.schweiz-albanien.ch\/sq\/wp-json\/wp\/v2\/posts\/1514\/revisions\/1515\/"}],"wp:featuredmedia":[{"embeddable":true,"href":"https:\/\/www.schweiz-albanien.ch\/sq\/wp-json\/wp\/v2\/media\/1172\/"}],"wp:attachment":[{"href":"https:\/\/www.schweiz-albanien.ch\/sq\/wp-json\/wp\/v2\/media\/?parent=1514"}],"wp:term":[{"taxonomy":"category","embeddable":true,"href":"https:\/\/www.schweiz-albanien.ch\/sq\/wp-json\/wp\/v2\/categories\/?post=1514"},{"taxonomy":"post_tag","embeddable":true,"href":"https:\/\/www.schweiz-albanien.ch\/sq\/wp-json\/wp\/v2\/tags\/?post=1514"}],"curies":[{"name":"wp","href":"https:\/\/api.w.org\/{rel}","templated":true}]}}